{"id":2495,"date":"2026-09-01T11:13:36","date_gmt":"2026-09-01T10:13:36","guid":{"rendered":"https:\/\/institutopsiquiatriaypsicoterapia.com\/madrid-terapia\/?p=2495"},"modified":"2026-09-01T11:13:36","modified_gmt":"2026-09-01T10:13:36","slug":"tratamiento-de-traumas-repercusiones-en-los-profesionales","status":"publish","type":"post","link":"https:\/\/institutopsiquiatriaypsicoterapia.com\/madrid-terapia\/tratamiento-de-traumas-repercusiones-en-los-profesionales\/","title":{"rendered":"Tratamiento de traumas, repercusiones en los profesionales"},"content":{"rendered":"<blockquote><p><em>Nacemos con la capacidad de experimentar lo que otros experimentan y participar en su experiencia en virtud de la forma en que somos atrapados por su sistema nervioso. Una de las preguntas reales no es: \u00ab\u00bfC\u00f3mo sucede esto?\u00bb. Estamos empezando a tener una idea bastante clara. La verdadera pregunta es: \u00ab\u00bfC\u00f3mo evitamos que esto suceda para no ser prisioneros del sistema nervioso de otra persona todo el tiempo?\u00bb.<\/em><\/p>\n<p>&nbsp;<\/p>\n<p>Daniel N. Stern<\/p><\/blockquote>\n<p>Aunque pudiera parecer obvio, es necesario enfatizar que los profesionales relacionados con las v\u00edctimas pueden padecer las mismas alteraciones psicopatol\u00f3gicas consecutivas a un trauma que cualquier otra persona; en algunos momentos, parece traslucirse que existir\u00eda una inmunizaci\u00f3n ante los traumas, ya que la profesionalidad nos colocar\u00eda al margen del resto de los seres humanos. No podemos olvidar que, en ocasiones, la participaci\u00f3n de los profesionales, que han sido ellos mismos v\u00edctimas de un acontecimiento traum\u00e1tico, conlleva una acumulaci\u00f3n de nuevos traumas. El hecho de colocarnos fuera, exentos de repercusiones psicopatol\u00f3gicas, impide considerar la necesidad de labores preventivas, y hace que no se tengan en cuenta los trastornos hasta que son altamente disruptivos.<\/p>\n<p><a href=\"https:\/\/institutopsiquiatriaypsicoterapia.com\/madrid-terapia\/wp-content\/uploads\/2026\/07\/psicoterapia-III.jpg\"><img loading=\"lazy\" decoding=\"async\" class=\" wp-image-2486 alignright\" src=\"https:\/\/institutopsiquiatriaypsicoterapia.com\/madrid-terapia\/wp-content\/uploads\/2026\/07\/psicoterapia-III-300x300.jpg\" alt=\"\" width=\"289\" height=\"289\" \/><\/a>La exposici\u00f3n continua a historias que muestran, por un lado, la maldad y las atrocidades que podemos perpetrar, y, por otro, la extrema fragilidad que tenemos los seres humanos, puede llevar aparejada una dificultad en mantener las creencias b\u00e1sicas que plante\u00f3 Ronnie Janoff-Bullman como fundamentales: creencia en la invulnerabilidad personal y la percepci\u00f3n del mundo como significativo; predecible y justo. Los profesionales que trabajan con v\u00edctimas pueden sentir un desvalimiento personal, viviendo como extremadamente viable la posibilidad de recibir un da\u00f1o externo; es decir: en ese gesto de acompa\u00f1amiento a la v\u00edctima de un trauma, un profesional puede cambiar la percepci\u00f3n del mundo, de manera que sienta\u00a0 la injusticia y la impredecibilidad como los ejes sobre los que giran nuestras vidas.<\/p>\n<p>En algunos momentos, aunque sea de forma parcial, el profesional acepta que tiene una alteraci\u00f3n emocional; una de las formas de explicar esa desestabilizaci\u00f3n emocional es la atribuci\u00f3n a aspectos organizativos de su trabajo, a la estructuraci\u00f3n laboral y a sus carencias del origen de su malestar; se deja as\u00ed al margen el factor empat\u00eda o compasi\u00f3n: es decir, la repercusi\u00f3n que tiene en cada uno de nosotros las tragedias con las que convivimos.<\/p>\n<p>Dentro de una teor\u00eda constructivista de desarrollo del self, Lisa Mac Cann y Laurie Pearlmann desarrollaron el concepto de traumatizaci\u00f3n vicaria. Estas reputadas investigadoras del \u00e1mbito de la psicolog\u00eda del trauma, plantean c\u00f3mo el trabajo o la visi\u00f3n de un material doloroso de personas traumatizadas origina, a menudo, en los terapeutas, cambios en los esquemas de creencias, expectativas y asunciones acerca de si-mismo y de los otros. Las emociones ligadas al trauma que relatan los pacientes pueden ser incorporadas a la memoria y a los sistemas de memoria de los terapeutas. La traumatizaci\u00f3n vicaria es conceptualizada, desde esta posici\u00f3n, como una reacci\u00f3n normal y no patol\u00f3gica ante el trabajo, extremadamente estresante y en ocasiones traumatizante, con las v\u00edctimas; se engloban aqu\u00ed un amplio conjunto de reacciones que son consideradas en t\u00e9rmino de proceso y no como un acontecimiento \u00fanico.<\/p>\n<p>Hemos se\u00f1alado la inevitable toma de partido en que nos coloca el acontecimiento traum\u00e1tico, esta toma de conciencia se acentuar\u00e1 cuando estemos ante un hecho producido por otro ser humano, o en el que intervenciones posteriores de algunas personas, han originado un grave da\u00f1o. La posici\u00f3n inicial se divide entre los que consideran que la v\u00edctima es una v\u00edctima, alguien que ha recibido un da\u00f1o que no le correspond\u00eda y, por otro lado, los que se sit\u00faan en la posici\u00f3n de que algo habr\u00e1 hecho para merecer lo que le ha ocurrido; trasladado a una expresi\u00f3n muy com\u00fan, escuchamos hablar de v\u00edctimas inocentes que por tanto tienen su contrapunto en las v\u00edctimas culpables; en esta b\u00fasqueda de la culpabilidad, se investiga y pregunta a la v\u00edctima, mucho m\u00e1s de lo necesario, sobre las actuaciones que ha tenido en los hechos y en las relaciones que manten\u00eda con el agresor.<\/p>\n<p>Son diversas las formas en que nos podemos identificar con la persona a la que estamos atendiendo o en ocasiones nos identificamos exclusivamente, de forma impersonal, con el da\u00f1o que ha recibido. Podemos sentir miedo, en sentido abstracto, a estar entre los agredidos ya que, algo que no sabr\u00edamos definir, nos podr\u00eda ocurrir; este sentido del desamparo o la indefensi\u00f3n, nos llevar\u00eda a una indignaci\u00f3n virulenta y no concreta sin un receptor especifico. Si vivimos una identificaci\u00f3n emp\u00e1tica justificamos, de una forma excesiva, cualquiera de las reacciones que podamos observar en la v\u00edctima. Dado que, frente a estas vivencias catastr\u00f3ficas. nosotros nos encontramos bien, podemos sentir culpa, la culpa del testigo, por habernos librado del sufrimiento que se muestra ante nosotros; este sentimiento puede llevar a ignorar nuestros leg\u00edtimos intereses (que tenemos que mantener) y por ende a asumir una implicaci\u00f3n personal excesiva.<\/p>\n<p>La identificaci\u00f3n con la incapacidad, la minusval\u00eda, el desvalimiento, la p\u00e9rdida de eficacia y el desamparo de la v\u00edctima puede conducir a una infravaloraci\u00f3n de nuestros conocimientos y de nuestra capacidad profesional. Podemos sentir que no tenemos ning\u00fan margen de actuaci\u00f3n y atribuirlo a una falta de preparaci\u00f3n o a una minusval\u00eda profesional; entonces estar\u00edamos siendo el espejo en el que se refleja el desamparo y la falta de capacidades, con una p\u00e9rdida de la perspectiva de nuestra actuaci\u00f3n en la que dominar\u00eda el sentimiento de que nada de lo que hagamos ser\u00e1 suficiente.<\/p>\n<p>La descripci\u00f3n que Ana Freud realiz\u00f3 de c\u00f3mo los ni\u00f1os se pod\u00edan identificar con su agresor nos puede servir para entender la identificaci\u00f3n con el victimario que podemos tener los profesionales; describi\u00f3 tres formas en las que este mecanismo\u00a0 se produc\u00eda: reasumiendo la agresi\u00f3n en la misma forma, imitando f\u00edsica y moralmente al agresor o bien adoptando s\u00edmbolos de \u00e9ste; a\u00f1adi\u00f3 que, en ocasiones, la identificaci\u00f3n no se realizaba con la persona del perpetrador sino con la agresi\u00f3n en s\u00ed misma. Resulta f\u00e1cil que nos transformemos en agresores, en ocasiones justicieros, con lo que repetimos as\u00ed la situaci\u00f3n que nos es relatada. La asunci\u00f3n del papel del agresor se ve fomentada por la tremenda asimetr\u00eda entre una posici\u00f3n de dominio que mantenemos nosotros y una de desvalimiento, en ocasiones casi absoluto, que tiene la v\u00edctima; puede resultar especialmente dificultoso salirse de esta polaridad extrema que acompa\u00f1a al trauma. En ocasiones, nos identificamos con la agresi\u00f3n, coloc\u00e1ndonos en un papel en que la fuerza, la oposici\u00f3n, la rabia y el enfado sean las armas que utilizamos para enfrentar la situaci\u00f3n que se nos ofrece.<\/p>\n<p>Un aspecto especialmente controvertido es la tendencia a la reedici\u00f3n del trauma; la v\u00edctima ejercita esa repetici\u00f3n en un intento, ineficaz por supuesto, de superar su trauma, de manera que act\u00faa de forma inconsciente, repitiendo as\u00ed el contexto de \u00e9ste; con lo que coloca a las personas de su entorno, incluidos los que le ofrecen ayuda, en una posici\u00f3n de explotadores que puede llevar al abuso o bien a la aparici\u00f3n de conductas hostiles hacia ella.<\/p>\n<p>(Este trabajo fue publicado originariamente en 2005, en la desaparecida web\u00a0<a href=\"http:\/\/www.xn--institutodevictimologa-icc.com\/\">www.institutodevictimolog\u00eda.com<\/a>)<\/p>\n","protected":false},"excerpt":{"rendered":"<p>Aunque pudiera parecer obvio, es necesario enfatizar que los profesionales relacionados con las v\u00edctimas pueden padecer las mismas alteraciones psicopatol\u00f3gicas consecutivas a un trauma que cualquier otra persona;<\/p>\n","protected":false},"author":2,"featured_media":2494,"comment_status":"closed","ping_status":"closed","sticky":false,"template":"","format":"standard","meta":{"_et_pb_use_builder":"","_et_pb_old_content":"","_et_gb_content_width":"","footnotes":""},"categories":[1],"tags":[32,4,5,33,29,8,18],"class_list":["post-2495","post","type-post","status-publish","format-standard","has-post-thumbnail","hentry","category-articulos-psiquiatria-psicoterapia","tag-abuso","tag-comunicacion","tag-conducta","tag-estres","tag-terapia","tag-trauma","tag-victimas"],"_links":{"self":[{"href":"https:\/\/institutopsiquiatriaypsicoterapia.com\/madrid-terapia\/wp-json\/wp\/v2\/posts\/2495","targetHints":{"allow":["GET"]}}],"collection":[{"href":"https:\/\/institutopsiquiatriaypsicoterapia.com\/madrid-terapia\/wp-json\/wp\/v2\/posts"}],"about":[{"href":"https:\/\/institutopsiquiatriaypsicoterapia.com\/madrid-terapia\/wp-json\/wp\/v2\/types\/post"}],"author":[{"embeddable":true,"href":"https:\/\/institutopsiquiatriaypsicoterapia.com\/madrid-terapia\/wp-json\/wp\/v2\/users\/2"}],"replies":[{"embeddable":true,"href":"https:\/\/institutopsiquiatriaypsicoterapia.com\/madrid-terapia\/wp-json\/wp\/v2\/comments?post=2495"}],"version-history":[{"count":2,"href":"https:\/\/institutopsiquiatriaypsicoterapia.com\/madrid-terapia\/wp-json\/wp\/v2\/posts\/2495\/revisions"}],"predecessor-version":[{"id":2498,"href":"https:\/\/institutopsiquiatriaypsicoterapia.com\/madrid-terapia\/wp-json\/wp\/v2\/posts\/2495\/revisions\/2498"}],"wp:featuredmedia":[{"embeddable":true,"href":"https:\/\/institutopsiquiatriaypsicoterapia.com\/madrid-terapia\/wp-json\/wp\/v2\/media\/2494"}],"wp:attachment":[{"href":"https:\/\/institutopsiquiatriaypsicoterapia.com\/madrid-terapia\/wp-json\/wp\/v2\/media?parent=2495"}],"wp:term":[{"taxonomy":"category","embeddable":true,"href":"https:\/\/institutopsiquiatriaypsicoterapia.com\/madrid-terapia\/wp-json\/wp\/v2\/categories?post=2495"},{"taxonomy":"post_tag","embeddable":true,"href":"https:\/\/institutopsiquiatriaypsicoterapia.com\/madrid-terapia\/wp-json\/wp\/v2\/tags?post=2495"}],"curies":[{"name":"wp","href":"https:\/\/api.w.org\/{rel}","templated":true}]}}