{"id":2028,"date":"2020-04-13T11:52:49","date_gmt":"2020-04-13T10:52:49","guid":{"rendered":"https:\/\/institutopsiquiatriaypsicoterapia.com\/madrid-terapia\/?p=2028"},"modified":"2020-04-13T11:52:51","modified_gmt":"2020-04-13T10:52:51","slug":"apoyo-social-en-la-catastrofe","status":"publish","type":"post","link":"https:\/\/institutopsiquiatriaypsicoterapia.com\/madrid-terapia\/apoyo-social-en-la-catastrofe\/","title":{"rendered":"Apoyo social en la cat\u00e1strofe"},"content":{"rendered":"\n<blockquote class=\"wp-block-quote is-layout-flow wp-block-quote-is-layout-flow\"><p><em>Todas las maneras de sentirse uno feliz se parecen entre s\u00ed; pero los desdichados ven siempre en su infortunio un caso personal\u00edsimo.<\/em><\/p><cite><br><em>Le\u00f3n Tolst\u00f3i<\/em><\/cite><\/blockquote>\n\n\n\n<p>El apoyo\nsocial aporta recursos psicol\u00f3gicos y materiales, y es un factor de protecci\u00f3n\npersonal que puede ayudar en el afrontamiento de situaciones traum\u00e1ticas,\namortiguando el impacto de \u00e9stas.&nbsp; <\/p>\n\n\n\n<div class=\"wp-block-image\"><figure class=\"alignright\"><img loading=\"lazy\" decoding=\"async\" width=\"400\" height=\"300\" src=\"https:\/\/institutopsiquiatriaypsicoterapia.com\/madrid-terapia\/wp-content\/uploads\/2020\/04\/apoyo-social.jpg\" alt=\"coronavirus trauma psicol\u00f3gico duelo\" class=\"wp-image-2024\" srcset=\"https:\/\/institutopsiquiatriaypsicoterapia.com\/madrid-terapia\/wp-content\/uploads\/2020\/04\/apoyo-social.jpg 400w, https:\/\/institutopsiquiatriaypsicoterapia.com\/madrid-terapia\/wp-content\/uploads\/2020\/04\/apoyo-social-300x225.jpg 300w\" sizes=\"(max-width: 400px) 100vw, 400px\" \/><\/figure><\/div>\n\n\n\n<p>Sin embargo, ofrecer o recibir este respaldo resulta muy problem\u00e1tico y conflictivo cuando las necesidades de los damnificados entran en colisi\u00f3n con las del entorno. Hace unos d\u00edas, me manifestaba una persona, profesional sanitario, sus sentimientos de tristeza, rabia e impotencia, \u00abante la verbena de las 8 y las fiestas del yoga, y los bizcochos por wasap\u00bb. Su padre ha fallecido hace unos d\u00edas en una residencia y tiene sobrados elementos para pensar que no ha recibido atenci\u00f3n suficiente, y que ha muerto solo y abandonado \u00abcomo un perro\u00bb; de manera que se encuentra en el inicio de su complicado duelo, con sentimientos de culpa e indefensi\u00f3n. Transita pues una situaci\u00f3n en la que muchas de las manifestaciones sociales vinculadas a la cat\u00e1strofe del coronavirus le da\u00f1an de forma muy especial.<\/p>\n\n\n\n<p>El soporte\nsocial, cuando es percibido y recibido como reparador, tiene un efecto\nemocional positivo, que se traduce en una activaci\u00f3n de los sistemas\nneurobiol\u00f3gicos que inhiben las respuestas de temor e incrementan las de\nconfianza y seguridad. <\/p>\n\n\n\n<p>Ante los\nproblemas y los retos que nos presenta una pandemia como la del coronavirus, la\nsociedad puede aportar oportunidades para afrontar las dificultades, fortalecer\ne incrementar la resistencia a la adversidad, y ser un soporte para el\ndesarrollo de las capacidades personales de elaboraci\u00f3n de lo traum\u00e1tico. El\nsost\u00e9n que la comunidad puede dar es de varios tipos: sensaci\u00f3n de pertenencia\na un grupo que protege y da cobijo a sus miembros; provisi\u00f3n de recursos\nf\u00edsicos y materiales que faciliten la resoluci\u00f3n de problemas pr\u00e1cticos; apoyo\ncognitivo-informativo, proporcionando datos, gu\u00edas y consejos de afrontamiento;\nas\u00ed como apoyo emocional que conduzca a ser y sentirse respetado, querido y\nestimado. <\/p>\n\n\n\n<p>Se establece, en definitiva, un proceso din\u00e1mico de interacci\u00f3n entre la persona y su entorno, en el que resulta imprescindible distinguir entre las ayudas a corto y a largo plazo. De la misma manera que percibir que contamos con personas dispuestas a cuidarnos y apoyarnos nos genera un sost\u00e9n personal, la desaparici\u00f3n de estos apoyos y, sobre todo, el incumplimiento de las expectativas que nos hab\u00edan asegurado genera desamparo y una extrema indefensi\u00f3n. Tras una oleada inicial de apoyo y comprensi\u00f3n, que podemos valorar incluso como desmesurada, a medida que pasa el tiempo y que los efectos globales de la crisis se van diluyendo,se debilitan los soportes y se va instaurando la indiferencia e incluso un sutil rechazo hacia los damnificados. Las v\u00edctimas son la constataci\u00f3n palmaria de la vulnerabilidad, del ego\u00edsmo y de la maldad humana dentro de un mundo que transita por el camino del olvido y de la negaci\u00f3n de la existencia del dolor y del abandono.<\/p>\n\n\n\n<p>La generalizaci\u00f3n de la herida: \u00abtodos estamos afectados\u00bb, \u00abnos afecta a todos\u00bb; plantea un sufrimiento colectivo que es una minusvaloraci\u00f3n del da\u00f1o de aquellos que han vivido de forma especialmente complicada la cat\u00e1strofe. Con mucha frecuencia, se produce una instrumentalizaci\u00f3n de los damnificados para intereses que se alejan enormemente de su cuidado y de sus necesidades; pierden de este modo su identidad personal y se convierten en \u00abcolectivo\u00bb, un elemento utilizable para fines sociales, pol\u00edticos, econ\u00f3micos e incluso cient\u00edficos.<\/p>\n\n\n\n<p>Los seres humanos tenemos una gran capacidad de desarrollar mecanismos de afrontamiento y de adaptaci\u00f3n ante situaciones traum\u00e1ticas; as\u00ed mismo,las sociedades tienen enormes potencialidades de aclimataci\u00f3n. Eso s\u00ed, el mantenimiento en el tiempo de una, siempre fr\u00e1gil,din\u00e1mica entre lo individual y lo general ser\u00e1 el eje esencial que permitir\u00e1 resistir e incluso crecer tras la cat\u00e1strofe.<\/p>\n","protected":false},"excerpt":{"rendered":"<p>El apoyo social aporta recursos psicol\u00f3gicos y materiales, y es un factor de protecci\u00f3n personal que puede ayudar en el afrontamiento de situaciones traum\u00e1ticas, amortiguando el impacto de \u00e9stas.  <\/p>\n","protected":false},"author":2,"featured_media":2023,"comment_status":"open","ping_status":"open","sticky":false,"template":"","format":"standard","meta":{"_et_pb_use_builder":"off","_et_pb_old_content":"","_et_gb_content_width":"","footnotes":""},"categories":[1],"tags":[4,5,6,33,8,18],"class_list":["post-2028","post","type-post","status-publish","format-standard","has-post-thumbnail","hentry","category-articulos-psiquiatria-psicoterapia","tag-comunicacion","tag-conducta","tag-duelo","tag-estres","tag-trauma","tag-victimas"],"_links":{"self":[{"href":"https:\/\/institutopsiquiatriaypsicoterapia.com\/madrid-terapia\/wp-json\/wp\/v2\/posts\/2028","targetHints":{"allow":["GET"]}}],"collection":[{"href":"https:\/\/institutopsiquiatriaypsicoterapia.com\/madrid-terapia\/wp-json\/wp\/v2\/posts"}],"about":[{"href":"https:\/\/institutopsiquiatriaypsicoterapia.com\/madrid-terapia\/wp-json\/wp\/v2\/types\/post"}],"author":[{"embeddable":true,"href":"https:\/\/institutopsiquiatriaypsicoterapia.com\/madrid-terapia\/wp-json\/wp\/v2\/users\/2"}],"replies":[{"embeddable":true,"href":"https:\/\/institutopsiquiatriaypsicoterapia.com\/madrid-terapia\/wp-json\/wp\/v2\/comments?post=2028"}],"version-history":[{"count":0,"href":"https:\/\/institutopsiquiatriaypsicoterapia.com\/madrid-terapia\/wp-json\/wp\/v2\/posts\/2028\/revisions"}],"wp:featuredmedia":[{"embeddable":true,"href":"https:\/\/institutopsiquiatriaypsicoterapia.com\/madrid-terapia\/wp-json\/wp\/v2\/media\/2023"}],"wp:attachment":[{"href":"https:\/\/institutopsiquiatriaypsicoterapia.com\/madrid-terapia\/wp-json\/wp\/v2\/media?parent=2028"}],"wp:term":[{"taxonomy":"category","embeddable":true,"href":"https:\/\/institutopsiquiatriaypsicoterapia.com\/madrid-terapia\/wp-json\/wp\/v2\/categories?post=2028"},{"taxonomy":"post_tag","embeddable":true,"href":"https:\/\/institutopsiquiatriaypsicoterapia.com\/madrid-terapia\/wp-json\/wp\/v2\/tags?post=2028"}],"curies":[{"name":"wp","href":"https:\/\/api.w.org\/{rel}","templated":true}]}}