{"id":1565,"date":"2017-06-12T17:31:02","date_gmt":"2017-06-12T16:31:02","guid":{"rendered":"https:\/\/institutopsiquiatriaypsicoterapia.com\/madrid-terapia\/?p=1565"},"modified":"2017-06-12T17:31:02","modified_gmt":"2017-06-12T16:31:02","slug":"en-sesion","status":"publish","type":"post","link":"https:\/\/institutopsiquiatriaypsicoterapia.com\/madrid-terapia\/en-sesion\/","title":{"rendered":"EN SESI\u00d3N"},"content":{"rendered":"<p>Hace mucho que no me preguntan eso de si estudio o trabajo pero s\u00ed qu\u00e9 es lo que hago y qu\u00e9 es lo que tendr\u00edan que hacer si \u201cvinieran a verme\u201d a la consulta. De qu\u00e9 se TRATA esto de hacer una terapia. Sobre todo intriga la primera sesi\u00f3n.<\/p>\n<p><a href=\"https:\/\/institutopsiquiatriaypsicoterapia.com\/madrid-terapia\/wp-content\/uploads\/2017\/06\/psicoterapia.jpg\"><img loading=\"lazy\" decoding=\"async\" class=\"alignright size-medium wp-image-1563\" src=\"https:\/\/institutopsiquiatriaypsicoterapia.com\/madrid-terapia\/wp-content\/uploads\/2017\/06\/psicoterapia-300x200.jpg\" alt=\"terapeuta psicoterapeuta\" width=\"300\" height=\"200\" srcset=\"https:\/\/institutopsiquiatriaypsicoterapia.com\/madrid-terapia\/wp-content\/uploads\/2017\/06\/psicoterapia-300x200.jpg 300w, https:\/\/institutopsiquiatriaypsicoterapia.com\/madrid-terapia\/wp-content\/uploads\/2017\/06\/psicoterapia.jpg 421w\" sizes=\"(max-width: 300px) 100vw, 300px\" \/><\/a>Sobre esto que es muy \u00edntimo y singular os voy a contar algo.<\/p>\n<p>Hace muchos a\u00f1os\u2026<\/p>\n<p>\u2026en la consulta, se escuchaba un llanto y un reiterado y claro \u201cno\u201d que proven\u00eda de la sala de espera. Mientras, en la consulta una ni\u00f1a y yo jug\u00e1bamos a un divertido juego de Navidad con un gorro rojo y unos cuernos de reno que me hab\u00eda tra\u00eddo como regalo (el gorro para m\u00ed, los cuernos para ella); de pronto\u2026 la ni\u00f1a interrumpi\u00f3 su relato y dijo: -\u201cese beb\u00e9 llor\u00f3n va a entrar aqu\u00ed y va a romper todos los juguetes\u201d, &#8211; \u201c\u00bfy? pregunt\u00e9\u201d. Con los ojos muy abiertos dijo: \u201cvamos a esconderlos, \u00a1r\u00e1pido!\u201d y empez\u00f3 a d\u00e1rmelos para meterlos todos en un armarito. Antes de cerrar la puerta se volvi\u00f3, mir\u00f3 la consulta y decidi\u00f3 esconder tambi\u00e9n las pinturas y los l\u00e1pices, los folios, la carpeta de \u201csus cosas\u201d, un coj\u00edn, y la fotocopia enmarcada de mi t\u00edtulo. Se despidi\u00f3 de m\u00ed y se fue tan pancha.<\/p>\n<p>La consulta qued\u00f3 con un orden desconocido en los meses precedentes en el horario en el que ella ven\u00eda. Yo anot\u00e9: \u00abesta peque\u00f1a celosa, ego\u00edsta, caprichosa y de rabietas memorables (seg\u00fan su familia por unanimidad) escondi\u00f3 en el armario lo que no quiere que se \u201crompa\u201d, cedi\u00f3 el espacio y mi persona, transform\u00f3 los celos hacia el bebe-idiota-de-su-hermanito en celo y protecci\u00f3n de su intimidad\u00bb.<\/p>\n<p>El beb\u00e9 de la sala de espera ten\u00eda 2 a\u00f1os m\u00e1s que ella o sea 6. Tom\u00e9 aire y sal\u00ed a su encuentro. Le acompa\u00f1aba una mujer muy joven, su educadora. Lo encontr\u00e9 agarrado a su pierna, con la cabeza hacia atr\u00e1s, su rostro enrojecido y empapado de sudor y l\u00e1grimas. De pronto me vio y sent\u00ed que se sorprend\u00eda. Me agach\u00e9, le llam\u00e9 por su nombre y le dije que le estaba esperando. Vamos, quem\u00e9 toda la artiller\u00eda\u2026 \u00e9l se qued\u00f3 mir\u00e1ndome muy, muy, muy\u2026 serio, y yo a \u00e9l muy, muy\u2026 desvalida y, de pronto, pregunt\u00f3: \u201c\u00bferes mam\u00e1 Noel?\u201d. \u00a1Hab\u00eda olvidado quitarme el gorro! Asent\u00ed como una bellaca y una posesa; -\u201c\u00bfme puedes acompa\u00f1ar?\u201d. Dud\u00f3, parec\u00eda que volv\u00eda el no y las l\u00e1grimas. Yo sostuve la sonrisa -no dije \u201chouhouhou\u2026\u201d de milagro- y segu\u00ed asintiendo y \u00e9l conteni\u00e9ndose, y mir\u00f3 a la educadora que tambi\u00e9n asinti\u00f3 con la mirada y la sonrisa.\u00a0 En la consulta escribimos una carta, por supuesto, a Pap\u00e1 Noel, con peticiones que desvelaban sus carencias, necesidades, deseos; y me cont\u00f3 como era su mam\u00e1. Encontr\u00f3 una pieza de madera en el suelo, nos miramos, y dijo sorprendido: \u201c\u00a1A LO MEJOR ESTO SIRVE PARA ALGO!\u2026\u201d<\/p>\n<p>Tambi\u00e9n para los adolescentes y los adultos lo m\u00e1s enigm\u00e1tico es c\u00f3mo empezar.<\/p>\n<p>Recuerdo a una mujer que por tel\u00e9fono coment\u00f3 que estaba muy deprimida. En sesi\u00f3n comenz\u00f3 contando lo que le dol\u00eda de manera palpable: la cabeza, las lumbares, el est\u00f3mago. Tambi\u00e9n habl\u00f3 de c\u00f3mo su cuerpo no le respond\u00eda por la ma\u00f1ana para levantarse o por la noche para dormir, o en la siesta <em>para intercambiar unos saludos con su marido<\/em> (un ni\u00f1o me cont\u00f3 que escuchaba como sus padres se \u201csaludaban\u201d en la siesta), realmente hab\u00edan dejado de saludarse hac\u00eda mucho tiempo.<\/p>\n<p>A la vez me llamaba, insistentemente, doctora, t\u00edtulo que carezco y con el que no me identifico. Para no perder mi identidad le dije que no era Doctora, s\u00ed Especialista, esperando que as\u00ed me llamara por mi nombre, por ejemplo. Ella se me qued\u00f3 mirando fijamente, se recost\u00f3 en la butaca y dijo<em>: -\u201c<\/em>eso dec\u00edan mi padre y mi madre, que yo era una <em>especialita; <\/em>ahora tambi\u00e9n lo dicen mi marido y mis hijos\u201d. De pronto esa \u201c<em>s\u201d<\/em> que enmudeci\u00f3 hizo caer el cors\u00e9 del discurso m\u00e9dico y le permiti\u00f3 iniciar un relato sobre su historia tal y como la recordaba y tal y como le dol\u00eda, sobre lo que nunca quiso saber y sobre sus certezas y comenz\u00f3 una b\u00fasqueda de puntos de referencia distintos para su cuerpo. Y a tratarnos de usted, a tratarnos\u2026<\/p>\n<p>Autor: Encarnaci\u00f3n D\u00edaz Catal\u00e1n<\/p>\n","protected":false},"excerpt":{"rendered":"<p>Hace mucho que no me preguntan eso de si estudio o trabajo pero s\u00ed qu\u00e9 es lo que hago y qu\u00e9 es lo que tendr\u00edan que hacer si \u201cvinieran a verme\u201d a la consulta. De qu\u00e9 se TRATA esto de hacer una terapia. Sobre todo intriga la primera sesi\u00f3n.<\/p>\n","protected":false},"author":3,"featured_media":1564,"comment_status":"open","ping_status":"open","sticky":false,"template":"","format":"standard","meta":{"_et_pb_use_builder":"","_et_pb_old_content":"","_et_gb_content_width":"","footnotes":""},"categories":[1],"tags":[4,22,29],"class_list":["post-1565","post","type-post","status-publish","format-standard","has-post-thumbnail","hentry","category-articulos-psiquiatria-psicoterapia","tag-comunicacion","tag-infancia","tag-terapia"],"_links":{"self":[{"href":"https:\/\/institutopsiquiatriaypsicoterapia.com\/madrid-terapia\/wp-json\/wp\/v2\/posts\/1565","targetHints":{"allow":["GET"]}}],"collection":[{"href":"https:\/\/institutopsiquiatriaypsicoterapia.com\/madrid-terapia\/wp-json\/wp\/v2\/posts"}],"about":[{"href":"https:\/\/institutopsiquiatriaypsicoterapia.com\/madrid-terapia\/wp-json\/wp\/v2\/types\/post"}],"author":[{"embeddable":true,"href":"https:\/\/institutopsiquiatriaypsicoterapia.com\/madrid-terapia\/wp-json\/wp\/v2\/users\/3"}],"replies":[{"embeddable":true,"href":"https:\/\/institutopsiquiatriaypsicoterapia.com\/madrid-terapia\/wp-json\/wp\/v2\/comments?post=1565"}],"version-history":[{"count":0,"href":"https:\/\/institutopsiquiatriaypsicoterapia.com\/madrid-terapia\/wp-json\/wp\/v2\/posts\/1565\/revisions"}],"wp:featuredmedia":[{"embeddable":true,"href":"https:\/\/institutopsiquiatriaypsicoterapia.com\/madrid-terapia\/wp-json\/wp\/v2\/media\/1564"}],"wp:attachment":[{"href":"https:\/\/institutopsiquiatriaypsicoterapia.com\/madrid-terapia\/wp-json\/wp\/v2\/media?parent=1565"}],"wp:term":[{"taxonomy":"category","embeddable":true,"href":"https:\/\/institutopsiquiatriaypsicoterapia.com\/madrid-terapia\/wp-json\/wp\/v2\/categories?post=1565"},{"taxonomy":"post_tag","embeddable":true,"href":"https:\/\/institutopsiquiatriaypsicoterapia.com\/madrid-terapia\/wp-json\/wp\/v2\/tags?post=1565"}],"curies":[{"name":"wp","href":"https:\/\/api.w.org\/{rel}","templated":true}]}}